{"id":832,"date":"2020-07-09T14:40:09","date_gmt":"2020-07-09T12:40:09","guid":{"rendered":"http:\/\/calaispromotions.preprod.deleganet.net\/?p=832"},"modified":"2020-12-08T09:46:41","modified_gmt":"2020-12-08T08:46:41","slug":"cargobeamer-lancement-des-travaux","status":"publish","type":"post","link":"https:\/\/calaispromotion.com\/fr\/cargobeamer-lancement-des-travaux\/","title":{"rendered":"CargoBeamer &#8211; lancement des travaux"},"content":{"rendered":"<p><img loading=\"lazy\" decoding=\"async\" class=\"aligncenter size-large wp-image-833\" src=\"https:\/\/calaispromotion.com\/wp-content\/uploads\/2020\/10\/20200708_FC_025_RS-1024x683.jpg\" alt=\"\" width=\"525\" height=\"350\" srcset=\"https:\/\/calaispromotion.com\/wp-content\/uploads\/2020\/10\/20200708_FC_025_RS-1024x683.jpg 1024w, https:\/\/calaispromotion.com\/wp-content\/uploads\/2020\/10\/20200708_FC_025_RS-300x200.jpg 300w, https:\/\/calaispromotion.com\/wp-content\/uploads\/2020\/10\/20200708_FC_025_RS-768x512.jpg 768w, https:\/\/calaispromotion.com\/wp-content\/uploads\/2020\/10\/20200708_FC_025_RS-1320x880.jpg 1320w, https:\/\/calaispromotion.com\/wp-content\/uploads\/2020\/10\/20200708_FC_025_RS.jpg 1500w\" sizes=\"auto, (max-width: 525px) 100vw, 525px\" \/><\/p>\n<p><strong>Le 8 juillet 2020, Hans-J\u00fcrgen Weidemann, Pr\u00e9sident Directeur G\u00e9n\u00e9ral de CargoBeamer France SAS et Natacha Bouchart, Pr\u00e9sidente de Calais Promotion, Maire de Calais, Pr\u00e9sidente Grand Calais Terres &amp; Mers, Vice-Pr\u00e9sidente R\u00e9gion Hauts-de-France, ont lanc\u00e9 les travaux du terminal d\u2019autoroute ferroviaire en pr\u00e9sence de Michel Tournaire, Sous-Pr\u00e9fet de Calais.<\/strong><\/p>\n<p>Apr\u00e8s l\u2019obtention en juillet 2019 d\u2019un financement europ\u00e9en de 7 millions d\u2019euros, CargoBeamer franchit une nouvelle \u00e9tape. La soci\u00e9t\u00e9 allemande entre dans la phase op\u00e9rationnelle de son projet de terminal ferroviaire avec le d\u00e9marrage du chantier en juillet. D\u2019une dur\u00e9e pr\u00e9visionnelle de 11 mois, il comprendra la construction d\u2019une plateforme bimodale de 5.7 ha sur la zone Transmarck \u2013 Turquerie.<\/p>\n<p>Les travaux d\u00e9buteront par l\u2019am\u00e9nagement de la plateforme et des infrastructures de base. Deux voies ferr\u00e9es parall\u00e8les \u00e9quiperont le terminal. D\u2019une longueur de 350 m, elles sont destin\u00e9es au chargement des semi-remorques. Dans un premier temps, elles seront munies de 6 modules de transbordement automatis\u00e9 et d\u2019un espace de manutention \u00e0 grue t\u00e9lescopique. 12 modules suppl\u00e9mentaires compl\u00e9teront cet ensemble lorsque le terminal aura atteint son rythme de croisi\u00e8re.<\/p>\n<p>Deux voies de triage serviront \u00e0 la composition des trains. Un parking de 150 places accueillera le stockage temporaire de semi-remorques.<br \/>\nA terme, le terminal atteindra son fonctionnement optimal en 2023 avec ses 18 modules de transbordement automatis\u00e9. Il sera en mesure de charger un train complet en 20 minutes.<\/p>\n<p>C\u2019est la soci\u00e9t\u00e9 DEMBO-ING bas\u00e9e \u00e0 Calais qui a \u00e9t\u00e9 retenue par CargoBeamer France pour l\u2019assistance ma\u00eetrise d\u2019ouvrage. Elle a r\u00e9alis\u00e9 l\u2019ensemble des \u00e9tudes de conception-r\u00e9alisation \u00e9paul\u00e9e par deux autres soci\u00e9t\u00e9s calaisiennes : \u00c9l\u00e9vation Architecture et Qualiconsult.<br \/>\nLes travaux seront dirig\u00e9s par un groupement d\u2019entreprises pilot\u00e9 par le groupe fran\u00e7ais de construction Eiffage.<\/p>\n","protected":false},"excerpt":{"rendered":"<p>Le 8 juillet 2020, Hans-J\u00fcrgen Weidemann, Pr\u00e9sident Directeur G\u00e9n\u00e9ral de CargoBeamer France SAS et Natacha Bouchart, Pr\u00e9sidente de Calais Promotion, Maire de Calais, Pr\u00e9sidente Grand&#8230;<\/p>\n","protected":false},"author":2,"featured_media":833,"comment_status":"open","ping_status":"open","sticky":false,"template":"","format":"standard","meta":{"footnotes":""},"categories":[16],"tags":[],"class_list":["post-832","post","type-post","status-publish","format-standard","has-post-thumbnail","hentry","category-implantation"],"acf":[],"yoast_head":"<!-- This site is optimized with the Yoast SEO plugin v27.5 - https:\/\/yoast.com\/product\/yoast-seo-wordpress\/ -->\n<title>CargoBeamer - lancement des travaux - Calais promotion<\/title>\n<meta name=\"description\" content=\"L&#039;op\u00e9rateur ferroviaire allemand CargoBeamer lance les travaux de son terminal d&#039;autoroute ferroviaire \u00e0 Calais.\" \/>\n<meta name=\"robots\" content=\"index, follow, max-snippet:-1, max-image-preview:large, max-video-preview:-1\" \/>\n<link rel=\"canonical\" href=\"https:\/\/calaispromotion.com\/fr\/cargobeamer-lancement-des-travaux\/\" \/>\n<meta property=\"og:locale\" content=\"fr_FR\" \/>\n<meta property=\"og:type\" content=\"article\" \/>\n<meta property=\"og:title\" content=\"CargoBeamer - lancement des travaux - Calais promotion\" \/>\n<meta property=\"og:description\" content=\"L&#039;op\u00e9rateur ferroviaire allemand CargoBeamer lance les travaux de son terminal d&#039;autoroute ferroviaire \u00e0 Calais.\" \/>\n<meta property=\"og:url\" content=\"https:\/\/calaispromotion.com\/fr\/cargobeamer-lancement-des-travaux\/\" \/>\n<meta property=\"og:site_name\" content=\"Calais promotion\" \/>\n<meta property=\"article:published_time\" content=\"2020-07-09T12:40:09+00:00\" \/>\n<meta property=\"article:modified_time\" content=\"2020-12-08T08:46:41+00:00\" \/>\n<meta property=\"og:image\" content=\"https:\/\/calaispromotion.com\/wp-content\/uploads\/2020\/10\/20200708_FC_025_RS.jpg\" \/>\n\t<meta property=\"og:image:width\" content=\"1500\" \/>\n\t<meta property=\"og:image:height\" content=\"1000\" \/>\n\t<meta property=\"og:image:type\" content=\"image\/jpeg\" \/>\n<meta name=\"author\" content=\"Calais Promotion\" \/>\n<meta name=\"twitter:card\" content=\"summary_large_image\" \/>\n<meta name=\"twitter:label1\" content=\"\u00c9crit par\" \/>\n\t<meta name=\"twitter:data1\" content=\"Calais Promotion\" \/>\n\t<meta name=\"twitter:label2\" content=\"Dur\u00e9e de lecture estim\u00e9e\" \/>\n\t<meta name=\"twitter:data2\" content=\"2 minutes\" \/>\n<script type=\"application\/ld+json\" class=\"yoast-schema-graph\">{\"@context\":\"https:\\\/\\\/schema.org\",\"@graph\":[{\"@type\":\"Article\",\"@id\":\"https:\\\/\\\/calaispromotion.com\\\/fr\\\/cargobeamer-lancement-des-travaux\\\/#article\",\"isPartOf\":{\"@id\":\"https:\\\/\\\/calaispromotion.com\\\/fr\\\/cargobeamer-lancement-des-travaux\\\/\"},\"author\":{\"name\":\"Calais Promotion\",\"@id\":\"https:\\\/\\\/calaispromotion.com\\\/fr\\\/#\\\/schema\\\/person\\\/8ed487fa8783657ee0e8b06715c9e35d\"},\"headline\":\"CargoBeamer &#8211; lancement des travaux\",\"datePublished\":\"2020-07-09T12:40:09+00:00\",\"dateModified\":\"2020-12-08T08:46:41+00:00\",\"mainEntityOfPage\":{\"@id\":\"https:\\\/\\\/calaispromotion.com\\\/fr\\\/cargobeamer-lancement-des-travaux\\\/\"},\"wordCount\":317,\"commentCount\":0,\"image\":{\"@id\":\"https:\\\/\\\/calaispromotion.com\\\/fr\\\/cargobeamer-lancement-des-travaux\\\/#primaryimage\"},\"thumbnailUrl\":\"https:\\\/\\\/calaispromotion.com\\\/wp-content\\\/uploads\\\/2020\\\/10\\\/20200708_FC_025_RS.jpg\",\"articleSection\":[\"Implantation\"],\"inLanguage\":\"fr-FR\",\"potentialAction\":[{\"@type\":\"CommentAction\",\"name\":\"Comment\",\"target\":[\"https:\\\/\\\/calaispromotion.com\\\/fr\\\/cargobeamer-lancement-des-travaux\\\/#respond\"]}]},{\"@type\":\"WebPage\",\"@id\":\"https:\\\/\\\/calaispromotion.com\\\/fr\\\/cargobeamer-lancement-des-travaux\\\/\",\"url\":\"https:\\\/\\\/calaispromotion.com\\\/fr\\\/cargobeamer-lancement-des-travaux\\\/\",\"name\":\"CargoBeamer - lancement des travaux - Calais promotion\",\"isPartOf\":{\"@id\":\"https:\\\/\\\/calaispromotion.com\\\/fr\\\/#website\"},\"primaryImageOfPage\":{\"@id\":\"https:\\\/\\\/calaispromotion.com\\\/fr\\\/cargobeamer-lancement-des-travaux\\\/#primaryimage\"},\"image\":{\"@id\":\"https:\\\/\\\/calaispromotion.com\\\/fr\\\/cargobeamer-lancement-des-travaux\\\/#primaryimage\"},\"thumbnailUrl\":\"https:\\\/\\\/calaispromotion.com\\\/wp-content\\\/uploads\\\/2020\\\/10\\\/20200708_FC_025_RS.jpg\",\"datePublished\":\"2020-07-09T12:40:09+00:00\",\"dateModified\":\"2020-12-08T08:46:41+00:00\",\"author\":{\"@id\":\"https:\\\/\\\/calaispromotion.com\\\/fr\\\/#\\\/schema\\\/person\\\/8ed487fa8783657ee0e8b06715c9e35d\"},\"description\":\"L'op\u00e9rateur ferroviaire allemand CargoBeamer lance les travaux de son terminal d'autoroute ferroviaire \u00e0 Calais.\",\"breadcrumb\":{\"@id\":\"https:\\\/\\\/calaispromotion.com\\\/fr\\\/cargobeamer-lancement-des-travaux\\\/#breadcrumb\"},\"inLanguage\":\"fr-FR\",\"potentialAction\":[{\"@type\":\"ReadAction\",\"target\":[\"https:\\\/\\\/calaispromotion.com\\\/fr\\\/cargobeamer-lancement-des-travaux\\\/\"]}]},{\"@type\":\"ImageObject\",\"inLanguage\":\"fr-FR\",\"@id\":\"https:\\\/\\\/calaispromotion.com\\\/fr\\\/cargobeamer-lancement-des-travaux\\\/#primaryimage\",\"url\":\"https:\\\/\\\/calaispromotion.com\\\/wp-content\\\/uploads\\\/2020\\\/10\\\/20200708_FC_025_RS.jpg\",\"contentUrl\":\"https:\\\/\\\/calaispromotion.com\\\/wp-content\\\/uploads\\\/2020\\\/10\\\/20200708_FC_025_RS.jpg\",\"width\":1500,\"height\":1000},{\"@type\":\"BreadcrumbList\",\"@id\":\"https:\\\/\\\/calaispromotion.com\\\/fr\\\/cargobeamer-lancement-des-travaux\\\/#breadcrumb\",\"itemListElement\":[{\"@type\":\"ListItem\",\"position\":1,\"name\":\"Accueil\",\"item\":\"https:\\\/\\\/calaispromotion.com\\\/fr\\\/\"},{\"@type\":\"ListItem\",\"position\":2,\"name\":\"CargoBeamer &#8211; lancement des travaux\"}]},{\"@type\":\"WebSite\",\"@id\":\"https:\\\/\\\/calaispromotion.com\\\/fr\\\/#website\",\"url\":\"https:\\\/\\\/calaispromotion.com\\\/fr\\\/\",\"name\":\"Calais promotion\",\"description\":\"\",\"potentialAction\":[{\"@type\":\"SearchAction\",\"target\":{\"@type\":\"EntryPoint\",\"urlTemplate\":\"https:\\\/\\\/calaispromotion.com\\\/fr\\\/?s={search_term_string}\"},\"query-input\":{\"@type\":\"PropertyValueSpecification\",\"valueRequired\":true,\"valueName\":\"search_term_string\"}}],\"inLanguage\":\"fr-FR\"},{\"@type\":\"Person\",\"@id\":\"https:\\\/\\\/calaispromotion.com\\\/fr\\\/#\\\/schema\\\/person\\\/8ed487fa8783657ee0e8b06715c9e35d\",\"name\":\"Calais Promotion\",\"image\":{\"@type\":\"ImageObject\",\"inLanguage\":\"fr-FR\",\"@id\":\"https:\\\/\\\/secure.gravatar.com\\\/avatar\\\/0f7fdda49eb30003501e1e3a4b12d3fc8eacd971c6ea91d0eace458d7117a717?s=96&d=mm&r=g\",\"url\":\"https:\\\/\\\/secure.gravatar.com\\\/avatar\\\/0f7fdda49eb30003501e1e3a4b12d3fc8eacd971c6ea91d0eace458d7117a717?s=96&d=mm&r=g\",\"contentUrl\":\"https:\\\/\\\/secure.gravatar.com\\\/avatar\\\/0f7fdda49eb30003501e1e3a4b12d3fc8eacd971c6ea91d0eace458d7117a717?s=96&d=mm&r=g\",\"caption\":\"Calais Promotion\"},\"url\":\"https:\\\/\\\/calaispromotion.com\\\/fr\\\/author\\\/admin-cp\\\/\"}]}<\/script>\n<!-- \/ Yoast SEO plugin. -->","yoast_head_json":{"title":"CargoBeamer - lancement des travaux - Calais promotion","description":"L'op\u00e9rateur ferroviaire allemand CargoBeamer lance les travaux de son terminal d'autoroute ferroviaire \u00e0 Calais.","robots":{"index":"index","follow":"follow","max-snippet":"max-snippet:-1","max-image-preview":"max-image-preview:large","max-video-preview":"max-video-preview:-1"},"canonical":"https:\/\/calaispromotion.com\/fr\/cargobeamer-lancement-des-travaux\/","og_locale":"fr_FR","og_type":"article","og_title":"CargoBeamer - lancement des travaux - Calais promotion","og_description":"L'op\u00e9rateur ferroviaire allemand CargoBeamer lance les travaux de son terminal d'autoroute ferroviaire \u00e0 Calais.","og_url":"https:\/\/calaispromotion.com\/fr\/cargobeamer-lancement-des-travaux\/","og_site_name":"Calais promotion","article_published_time":"2020-07-09T12:40:09+00:00","article_modified_time":"2020-12-08T08:46:41+00:00","og_image":[{"width":1500,"height":1000,"url":"https:\/\/calaispromotion.com\/wp-content\/uploads\/2020\/10\/20200708_FC_025_RS.jpg","type":"image\/jpeg"}],"author":"Calais Promotion","twitter_card":"summary_large_image","twitter_misc":{"\u00c9crit par":"Calais Promotion","Dur\u00e9e de lecture estim\u00e9e":"2 minutes"},"schema":{"@context":"https:\/\/schema.org","@graph":[{"@type":"Article","@id":"https:\/\/calaispromotion.com\/fr\/cargobeamer-lancement-des-travaux\/#article","isPartOf":{"@id":"https:\/\/calaispromotion.com\/fr\/cargobeamer-lancement-des-travaux\/"},"author":{"name":"Calais Promotion","@id":"https:\/\/calaispromotion.com\/fr\/#\/schema\/person\/8ed487fa8783657ee0e8b06715c9e35d"},"headline":"CargoBeamer &#8211; lancement des travaux","datePublished":"2020-07-09T12:40:09+00:00","dateModified":"2020-12-08T08:46:41+00:00","mainEntityOfPage":{"@id":"https:\/\/calaispromotion.com\/fr\/cargobeamer-lancement-des-travaux\/"},"wordCount":317,"commentCount":0,"image":{"@id":"https:\/\/calaispromotion.com\/fr\/cargobeamer-lancement-des-travaux\/#primaryimage"},"thumbnailUrl":"https:\/\/calaispromotion.com\/wp-content\/uploads\/2020\/10\/20200708_FC_025_RS.jpg","articleSection":["Implantation"],"inLanguage":"fr-FR","potentialAction":[{"@type":"CommentAction","name":"Comment","target":["https:\/\/calaispromotion.com\/fr\/cargobeamer-lancement-des-travaux\/#respond"]}]},{"@type":"WebPage","@id":"https:\/\/calaispromotion.com\/fr\/cargobeamer-lancement-des-travaux\/","url":"https:\/\/calaispromotion.com\/fr\/cargobeamer-lancement-des-travaux\/","name":"CargoBeamer - lancement des travaux - Calais promotion","isPartOf":{"@id":"https:\/\/calaispromotion.com\/fr\/#website"},"primaryImageOfPage":{"@id":"https:\/\/calaispromotion.com\/fr\/cargobeamer-lancement-des-travaux\/#primaryimage"},"image":{"@id":"https:\/\/calaispromotion.com\/fr\/cargobeamer-lancement-des-travaux\/#primaryimage"},"thumbnailUrl":"https:\/\/calaispromotion.com\/wp-content\/uploads\/2020\/10\/20200708_FC_025_RS.jpg","datePublished":"2020-07-09T12:40:09+00:00","dateModified":"2020-12-08T08:46:41+00:00","author":{"@id":"https:\/\/calaispromotion.com\/fr\/#\/schema\/person\/8ed487fa8783657ee0e8b06715c9e35d"},"description":"L'op\u00e9rateur ferroviaire allemand CargoBeamer lance les travaux de son terminal d'autoroute ferroviaire \u00e0 Calais.","breadcrumb":{"@id":"https:\/\/calaispromotion.com\/fr\/cargobeamer-lancement-des-travaux\/#breadcrumb"},"inLanguage":"fr-FR","potentialAction":[{"@type":"ReadAction","target":["https:\/\/calaispromotion.com\/fr\/cargobeamer-lancement-des-travaux\/"]}]},{"@type":"ImageObject","inLanguage":"fr-FR","@id":"https:\/\/calaispromotion.com\/fr\/cargobeamer-lancement-des-travaux\/#primaryimage","url":"https:\/\/calaispromotion.com\/wp-content\/uploads\/2020\/10\/20200708_FC_025_RS.jpg","contentUrl":"https:\/\/calaispromotion.com\/wp-content\/uploads\/2020\/10\/20200708_FC_025_RS.jpg","width":1500,"height":1000},{"@type":"BreadcrumbList","@id":"https:\/\/calaispromotion.com\/fr\/cargobeamer-lancement-des-travaux\/#breadcrumb","itemListElement":[{"@type":"ListItem","position":1,"name":"Accueil","item":"https:\/\/calaispromotion.com\/fr\/"},{"@type":"ListItem","position":2,"name":"CargoBeamer &#8211; lancement des travaux"}]},{"@type":"WebSite","@id":"https:\/\/calaispromotion.com\/fr\/#website","url":"https:\/\/calaispromotion.com\/fr\/","name":"Calais promotion","description":"","potentialAction":[{"@type":"SearchAction","target":{"@type":"EntryPoint","urlTemplate":"https:\/\/calaispromotion.com\/fr\/?s={search_term_string}"},"query-input":{"@type":"PropertyValueSpecification","valueRequired":true,"valueName":"search_term_string"}}],"inLanguage":"fr-FR"},{"@type":"Person","@id":"https:\/\/calaispromotion.com\/fr\/#\/schema\/person\/8ed487fa8783657ee0e8b06715c9e35d","name":"Calais Promotion","image":{"@type":"ImageObject","inLanguage":"fr-FR","@id":"https:\/\/secure.gravatar.com\/avatar\/0f7fdda49eb30003501e1e3a4b12d3fc8eacd971c6ea91d0eace458d7117a717?s=96&d=mm&r=g","url":"https:\/\/secure.gravatar.com\/avatar\/0f7fdda49eb30003501e1e3a4b12d3fc8eacd971c6ea91d0eace458d7117a717?s=96&d=mm&r=g","contentUrl":"https:\/\/secure.gravatar.com\/avatar\/0f7fdda49eb30003501e1e3a4b12d3fc8eacd971c6ea91d0eace458d7117a717?s=96&d=mm&r=g","caption":"Calais Promotion"},"url":"https:\/\/calaispromotion.com\/fr\/author\/admin-cp\/"}]}},"_links":{"self":[{"href":"https:\/\/calaispromotion.com\/fr\/wp-json\/wp\/v2\/posts\/832","targetHints":{"allow":["GET"]}}],"collection":[{"href":"https:\/\/calaispromotion.com\/fr\/wp-json\/wp\/v2\/posts"}],"about":[{"href":"https:\/\/calaispromotion.com\/fr\/wp-json\/wp\/v2\/types\/post"}],"author":[{"embeddable":true,"href":"https:\/\/calaispromotion.com\/fr\/wp-json\/wp\/v2\/users\/2"}],"replies":[{"embeddable":true,"href":"https:\/\/calaispromotion.com\/fr\/wp-json\/wp\/v2\/comments?post=832"}],"version-history":[{"count":5,"href":"https:\/\/calaispromotion.com\/fr\/wp-json\/wp\/v2\/posts\/832\/revisions"}],"predecessor-version":[{"id":1546,"href":"https:\/\/calaispromotion.com\/fr\/wp-json\/wp\/v2\/posts\/832\/revisions\/1546"}],"wp:featuredmedia":[{"embeddable":true,"href":"https:\/\/calaispromotion.com\/fr\/wp-json\/wp\/v2\/media\/833"}],"wp:attachment":[{"href":"https:\/\/calaispromotion.com\/fr\/wp-json\/wp\/v2\/media?parent=832"}],"wp:term":[{"taxonomy":"category","embeddable":true,"href":"https:\/\/calaispromotion.com\/fr\/wp-json\/wp\/v2\/categories?post=832"},{"taxonomy":"post_tag","embeddable":true,"href":"https:\/\/calaispromotion.com\/fr\/wp-json\/wp\/v2\/tags?post=832"}],"curies":[{"name":"wp","href":"https:\/\/api.w.org\/{rel}","templated":true}]}}