{"id":1658,"date":"2020-12-08T16:31:21","date_gmt":"2020-12-08T15:31:21","guid":{"rendered":"http:\/\/calaispromotions.preprod.deleganet.net\/?p=1658"},"modified":"2020-12-11T12:02:29","modified_gmt":"2020-12-11T11:02:29","slug":"grand-prix-des-maires-calais-recompensee","status":"publish","type":"post","link":"https:\/\/calaispromotion.com\/fr\/grand-prix-des-maires-calais-recompensee\/","title":{"rendered":"Grand Prix des Maires, Calais r\u00e9compens\u00e9e"},"content":{"rendered":"<p>&nbsp;<\/p>\n<p><strong>Ce mardi 25 novembre, Natacha Bouchart, maire de Calais, a re\u00e7u le Grand prix des maires 2020 RMC dans la cat\u00e9gorie d\u00e9veloppement \u00e9conomique.<\/strong><\/p>\n<p>Cette 3e \u00e9dition est organis\u00e9e par la radio RMC en partenariat avec l\u2019association des maires de France et les pr\u00e9sidents d\u2019intercommunalit\u00e9s. Elle\u00a0 met \u00e0 l\u2019honneur les initiatives des \u00e9lus pour faciliter la vie de leurs administr\u00e9s. La ville de Calais a \u00e9t\u00e9 r\u00e9compens\u00e9e pour <strong>l\u2019op\u00e9ration mon shopping c\u2019est Calais<\/strong>.<\/p>\n<p>Lanc\u00e9 en fin d\u2019ann\u00e9e 2019, ce dispositif est <strong>un site de commande en ligne<\/strong>. Il regroupe une centaine de commer\u00e7ants du Calaisis. Les commandes pass\u00e9es via cette plateforme sont livr\u00e9es gratuitement par une association d\u2019aide \u00e0 l\u2019insertion.<br \/>\nPlus de 5 500 produits sont d\u00e9j\u00e0 r\u00e9f\u00e9renc\u00e9s. D\u2019autres services sont \u00e9galement associ\u00e9s : conciergerie, ch\u00e8ques cadeaux, drive etc.<br \/>\nUne campagne de communication a accompagn\u00e9 sa mise en ligne mettant en avant les commer\u00e7ants. Mais, c\u2019est le premier confinement qui a d\u00e9montr\u00e9 toute l\u2019utilit\u00e9 de ce service.<\/p>\n<p><a href=\"https:\/\/monshoppingcestcalais.fr\/\">www.monshoppingcestcalais.fr<\/a><\/p>\n","protected":false},"excerpt":{"rendered":"<p>&nbsp;<br \/>\nCe mardi 25 novembre, Natacha Bouchart, maire de Calais, a re\u00e7u le Grand prix des maires 2020 RMC dans la cat\u00e9gorie d\u00e9veloppement \u00e9conomique.<br \/>\nCette 3e \u00e9dition&#8230;<\/p>\n","protected":false},"author":2,"featured_media":1659,"comment_status":"open","ping_status":"open","sticky":false,"template":"","format":"standard","meta":{"footnotes":""},"categories":[18],"tags":[],"class_list":["post-1658","post","type-post","status-publish","format-standard","has-post-thumbnail","hentry","category-evenement"],"acf":[],"yoast_head":"<!-- This site is optimized with the Yoast SEO plugin v27.5 - https:\/\/yoast.com\/product\/yoast-seo-wordpress\/ -->\n<title>Calais r\u00e9compens\u00e9 au Grand Prix des Maires - Calais promotion<\/title>\n<meta name=\"description\" content=\"La ville de Calais a \u00e9t\u00e9 r\u00e9compens\u00e9e lors de la troisis\u00e8me \u00e9dition du Grand Prix des Maires, organis\u00e9 \u00e0 la fin du mois de novembre 2020.\" \/>\n<meta name=\"robots\" content=\"index, follow, max-snippet:-1, max-image-preview:large, max-video-preview:-1\" \/>\n<link rel=\"canonical\" href=\"https:\/\/calaispromotion.com\/fr\/grand-prix-des-maires-calais-recompensee\/\" \/>\n<meta property=\"og:locale\" content=\"fr_FR\" \/>\n<meta property=\"og:type\" content=\"article\" \/>\n<meta property=\"og:title\" content=\"Calais r\u00e9compens\u00e9 au Grand Prix des Maires - Calais promotion\" \/>\n<meta property=\"og:description\" content=\"La ville de Calais a \u00e9t\u00e9 r\u00e9compens\u00e9e lors de la troisis\u00e8me \u00e9dition du Grand Prix des Maires, organis\u00e9 \u00e0 la fin du mois de novembre 2020.\" \/>\n<meta property=\"og:url\" content=\"https:\/\/calaispromotion.com\/fr\/grand-prix-des-maires-calais-recompensee\/\" \/>\n<meta property=\"og:site_name\" content=\"Calais promotion\" \/>\n<meta property=\"article:published_time\" content=\"2020-12-08T15:31:21+00:00\" \/>\n<meta property=\"article:modified_time\" content=\"2020-12-11T11:02:29+00:00\" \/>\n<meta property=\"og:image\" content=\"https:\/\/calaispromotion.com\/wp-content\/uploads\/2020\/12\/Grand-prix-des-maires-logo.png\" \/>\n\t<meta property=\"og:image:width\" content=\"441\" \/>\n\t<meta property=\"og:image:height\" content=\"397\" \/>\n\t<meta property=\"og:image:type\" content=\"image\/png\" \/>\n<meta name=\"author\" content=\"Calais Promotion\" \/>\n<meta name=\"twitter:card\" content=\"summary_large_image\" \/>\n<meta name=\"twitter:label1\" content=\"\u00c9crit par\" \/>\n\t<meta name=\"twitter:data1\" content=\"Calais Promotion\" \/>\n\t<meta name=\"twitter:label2\" content=\"Dur\u00e9e de lecture estim\u00e9e\" \/>\n\t<meta name=\"twitter:data2\" content=\"1 minute\" \/>\n<script type=\"application\/ld+json\" class=\"yoast-schema-graph\">{\"@context\":\"https:\\\/\\\/schema.org\",\"@graph\":[{\"@type\":\"Article\",\"@id\":\"https:\\\/\\\/calaispromotion.com\\\/fr\\\/grand-prix-des-maires-calais-recompensee\\\/#article\",\"isPartOf\":{\"@id\":\"https:\\\/\\\/calaispromotion.com\\\/fr\\\/grand-prix-des-maires-calais-recompensee\\\/\"},\"author\":{\"name\":\"Calais Promotion\",\"@id\":\"https:\\\/\\\/calaispromotion.com\\\/fr\\\/#\\\/schema\\\/person\\\/8ed487fa8783657ee0e8b06715c9e35d\"},\"headline\":\"Grand Prix des Maires, Calais r\u00e9compens\u00e9e\",\"datePublished\":\"2020-12-08T15:31:21+00:00\",\"dateModified\":\"2020-12-11T11:02:29+00:00\",\"mainEntityOfPage\":{\"@id\":\"https:\\\/\\\/calaispromotion.com\\\/fr\\\/grand-prix-des-maires-calais-recompensee\\\/\"},\"wordCount\":193,\"commentCount\":0,\"image\":{\"@id\":\"https:\\\/\\\/calaispromotion.com\\\/fr\\\/grand-prix-des-maires-calais-recompensee\\\/#primaryimage\"},\"thumbnailUrl\":\"https:\\\/\\\/calaispromotion.com\\\/wp-content\\\/uploads\\\/2020\\\/12\\\/Grand-prix-des-maires-logo.png\",\"articleSection\":[\"Ev\u00e8nement\"],\"inLanguage\":\"fr-FR\",\"potentialAction\":[{\"@type\":\"CommentAction\",\"name\":\"Comment\",\"target\":[\"https:\\\/\\\/calaispromotion.com\\\/fr\\\/grand-prix-des-maires-calais-recompensee\\\/#respond\"]}]},{\"@type\":\"WebPage\",\"@id\":\"https:\\\/\\\/calaispromotion.com\\\/fr\\\/grand-prix-des-maires-calais-recompensee\\\/\",\"url\":\"https:\\\/\\\/calaispromotion.com\\\/fr\\\/grand-prix-des-maires-calais-recompensee\\\/\",\"name\":\"Calais r\u00e9compens\u00e9 au Grand Prix des Maires - Calais promotion\",\"isPartOf\":{\"@id\":\"https:\\\/\\\/calaispromotion.com\\\/fr\\\/#website\"},\"primaryImageOfPage\":{\"@id\":\"https:\\\/\\\/calaispromotion.com\\\/fr\\\/grand-prix-des-maires-calais-recompensee\\\/#primaryimage\"},\"image\":{\"@id\":\"https:\\\/\\\/calaispromotion.com\\\/fr\\\/grand-prix-des-maires-calais-recompensee\\\/#primaryimage\"},\"thumbnailUrl\":\"https:\\\/\\\/calaispromotion.com\\\/wp-content\\\/uploads\\\/2020\\\/12\\\/Grand-prix-des-maires-logo.png\",\"datePublished\":\"2020-12-08T15:31:21+00:00\",\"dateModified\":\"2020-12-11T11:02:29+00:00\",\"author\":{\"@id\":\"https:\\\/\\\/calaispromotion.com\\\/fr\\\/#\\\/schema\\\/person\\\/8ed487fa8783657ee0e8b06715c9e35d\"},\"description\":\"La ville de Calais a \u00e9t\u00e9 r\u00e9compens\u00e9e lors de la troisis\u00e8me \u00e9dition du Grand Prix des Maires, organis\u00e9 \u00e0 la fin du mois de novembre 2020.\",\"breadcrumb\":{\"@id\":\"https:\\\/\\\/calaispromotion.com\\\/fr\\\/grand-prix-des-maires-calais-recompensee\\\/#breadcrumb\"},\"inLanguage\":\"fr-FR\",\"potentialAction\":[{\"@type\":\"ReadAction\",\"target\":[\"https:\\\/\\\/calaispromotion.com\\\/fr\\\/grand-prix-des-maires-calais-recompensee\\\/\"]}]},{\"@type\":\"ImageObject\",\"inLanguage\":\"fr-FR\",\"@id\":\"https:\\\/\\\/calaispromotion.com\\\/fr\\\/grand-prix-des-maires-calais-recompensee\\\/#primaryimage\",\"url\":\"https:\\\/\\\/calaispromotion.com\\\/wp-content\\\/uploads\\\/2020\\\/12\\\/Grand-prix-des-maires-logo.png\",\"contentUrl\":\"https:\\\/\\\/calaispromotion.com\\\/wp-content\\\/uploads\\\/2020\\\/12\\\/Grand-prix-des-maires-logo.png\",\"width\":441,\"height\":397},{\"@type\":\"BreadcrumbList\",\"@id\":\"https:\\\/\\\/calaispromotion.com\\\/fr\\\/grand-prix-des-maires-calais-recompensee\\\/#breadcrumb\",\"itemListElement\":[{\"@type\":\"ListItem\",\"position\":1,\"name\":\"Accueil\",\"item\":\"https:\\\/\\\/calaispromotion.com\\\/fr\\\/\"},{\"@type\":\"ListItem\",\"position\":2,\"name\":\"Grand Prix des Maires, Calais r\u00e9compens\u00e9e\"}]},{\"@type\":\"WebSite\",\"@id\":\"https:\\\/\\\/calaispromotion.com\\\/fr\\\/#website\",\"url\":\"https:\\\/\\\/calaispromotion.com\\\/fr\\\/\",\"name\":\"Calais promotion\",\"description\":\"\",\"potentialAction\":[{\"@type\":\"SearchAction\",\"target\":{\"@type\":\"EntryPoint\",\"urlTemplate\":\"https:\\\/\\\/calaispromotion.com\\\/fr\\\/?s={search_term_string}\"},\"query-input\":{\"@type\":\"PropertyValueSpecification\",\"valueRequired\":true,\"valueName\":\"search_term_string\"}}],\"inLanguage\":\"fr-FR\"},{\"@type\":\"Person\",\"@id\":\"https:\\\/\\\/calaispromotion.com\\\/fr\\\/#\\\/schema\\\/person\\\/8ed487fa8783657ee0e8b06715c9e35d\",\"name\":\"Calais Promotion\",\"image\":{\"@type\":\"ImageObject\",\"inLanguage\":\"fr-FR\",\"@id\":\"https:\\\/\\\/secure.gravatar.com\\\/avatar\\\/0f7fdda49eb30003501e1e3a4b12d3fc8eacd971c6ea91d0eace458d7117a717?s=96&d=mm&r=g\",\"url\":\"https:\\\/\\\/secure.gravatar.com\\\/avatar\\\/0f7fdda49eb30003501e1e3a4b12d3fc8eacd971c6ea91d0eace458d7117a717?s=96&d=mm&r=g\",\"contentUrl\":\"https:\\\/\\\/secure.gravatar.com\\\/avatar\\\/0f7fdda49eb30003501e1e3a4b12d3fc8eacd971c6ea91d0eace458d7117a717?s=96&d=mm&r=g\",\"caption\":\"Calais Promotion\"},\"url\":\"https:\\\/\\\/calaispromotion.com\\\/fr\\\/author\\\/admin-cp\\\/\"}]}<\/script>\n<!-- \/ Yoast SEO plugin. -->","yoast_head_json":{"title":"Calais r\u00e9compens\u00e9 au Grand Prix des Maires - Calais promotion","description":"La ville de Calais a \u00e9t\u00e9 r\u00e9compens\u00e9e lors de la troisis\u00e8me \u00e9dition du Grand Prix des Maires, organis\u00e9 \u00e0 la fin du mois de novembre 2020.","robots":{"index":"index","follow":"follow","max-snippet":"max-snippet:-1","max-image-preview":"max-image-preview:large","max-video-preview":"max-video-preview:-1"},"canonical":"https:\/\/calaispromotion.com\/fr\/grand-prix-des-maires-calais-recompensee\/","og_locale":"fr_FR","og_type":"article","og_title":"Calais r\u00e9compens\u00e9 au Grand Prix des Maires - Calais promotion","og_description":"La ville de Calais a \u00e9t\u00e9 r\u00e9compens\u00e9e lors de la troisis\u00e8me \u00e9dition du Grand Prix des Maires, organis\u00e9 \u00e0 la fin du mois de novembre 2020.","og_url":"https:\/\/calaispromotion.com\/fr\/grand-prix-des-maires-calais-recompensee\/","og_site_name":"Calais promotion","article_published_time":"2020-12-08T15:31:21+00:00","article_modified_time":"2020-12-11T11:02:29+00:00","og_image":[{"width":441,"height":397,"url":"https:\/\/calaispromotion.com\/wp-content\/uploads\/2020\/12\/Grand-prix-des-maires-logo.png","type":"image\/png"}],"author":"Calais Promotion","twitter_card":"summary_large_image","twitter_misc":{"\u00c9crit par":"Calais Promotion","Dur\u00e9e de lecture estim\u00e9e":"1 minute"},"schema":{"@context":"https:\/\/schema.org","@graph":[{"@type":"Article","@id":"https:\/\/calaispromotion.com\/fr\/grand-prix-des-maires-calais-recompensee\/#article","isPartOf":{"@id":"https:\/\/calaispromotion.com\/fr\/grand-prix-des-maires-calais-recompensee\/"},"author":{"name":"Calais Promotion","@id":"https:\/\/calaispromotion.com\/fr\/#\/schema\/person\/8ed487fa8783657ee0e8b06715c9e35d"},"headline":"Grand Prix des Maires, Calais r\u00e9compens\u00e9e","datePublished":"2020-12-08T15:31:21+00:00","dateModified":"2020-12-11T11:02:29+00:00","mainEntityOfPage":{"@id":"https:\/\/calaispromotion.com\/fr\/grand-prix-des-maires-calais-recompensee\/"},"wordCount":193,"commentCount":0,"image":{"@id":"https:\/\/calaispromotion.com\/fr\/grand-prix-des-maires-calais-recompensee\/#primaryimage"},"thumbnailUrl":"https:\/\/calaispromotion.com\/wp-content\/uploads\/2020\/12\/Grand-prix-des-maires-logo.png","articleSection":["Ev\u00e8nement"],"inLanguage":"fr-FR","potentialAction":[{"@type":"CommentAction","name":"Comment","target":["https:\/\/calaispromotion.com\/fr\/grand-prix-des-maires-calais-recompensee\/#respond"]}]},{"@type":"WebPage","@id":"https:\/\/calaispromotion.com\/fr\/grand-prix-des-maires-calais-recompensee\/","url":"https:\/\/calaispromotion.com\/fr\/grand-prix-des-maires-calais-recompensee\/","name":"Calais r\u00e9compens\u00e9 au Grand Prix des Maires - Calais promotion","isPartOf":{"@id":"https:\/\/calaispromotion.com\/fr\/#website"},"primaryImageOfPage":{"@id":"https:\/\/calaispromotion.com\/fr\/grand-prix-des-maires-calais-recompensee\/#primaryimage"},"image":{"@id":"https:\/\/calaispromotion.com\/fr\/grand-prix-des-maires-calais-recompensee\/#primaryimage"},"thumbnailUrl":"https:\/\/calaispromotion.com\/wp-content\/uploads\/2020\/12\/Grand-prix-des-maires-logo.png","datePublished":"2020-12-08T15:31:21+00:00","dateModified":"2020-12-11T11:02:29+00:00","author":{"@id":"https:\/\/calaispromotion.com\/fr\/#\/schema\/person\/8ed487fa8783657ee0e8b06715c9e35d"},"description":"La ville de Calais a \u00e9t\u00e9 r\u00e9compens\u00e9e lors de la troisis\u00e8me \u00e9dition du Grand Prix des Maires, organis\u00e9 \u00e0 la fin du mois de novembre 2020.","breadcrumb":{"@id":"https:\/\/calaispromotion.com\/fr\/grand-prix-des-maires-calais-recompensee\/#breadcrumb"},"inLanguage":"fr-FR","potentialAction":[{"@type":"ReadAction","target":["https:\/\/calaispromotion.com\/fr\/grand-prix-des-maires-calais-recompensee\/"]}]},{"@type":"ImageObject","inLanguage":"fr-FR","@id":"https:\/\/calaispromotion.com\/fr\/grand-prix-des-maires-calais-recompensee\/#primaryimage","url":"https:\/\/calaispromotion.com\/wp-content\/uploads\/2020\/12\/Grand-prix-des-maires-logo.png","contentUrl":"https:\/\/calaispromotion.com\/wp-content\/uploads\/2020\/12\/Grand-prix-des-maires-logo.png","width":441,"height":397},{"@type":"BreadcrumbList","@id":"https:\/\/calaispromotion.com\/fr\/grand-prix-des-maires-calais-recompensee\/#breadcrumb","itemListElement":[{"@type":"ListItem","position":1,"name":"Accueil","item":"https:\/\/calaispromotion.com\/fr\/"},{"@type":"ListItem","position":2,"name":"Grand Prix des Maires, Calais r\u00e9compens\u00e9e"}]},{"@type":"WebSite","@id":"https:\/\/calaispromotion.com\/fr\/#website","url":"https:\/\/calaispromotion.com\/fr\/","name":"Calais promotion","description":"","potentialAction":[{"@type":"SearchAction","target":{"@type":"EntryPoint","urlTemplate":"https:\/\/calaispromotion.com\/fr\/?s={search_term_string}"},"query-input":{"@type":"PropertyValueSpecification","valueRequired":true,"valueName":"search_term_string"}}],"inLanguage":"fr-FR"},{"@type":"Person","@id":"https:\/\/calaispromotion.com\/fr\/#\/schema\/person\/8ed487fa8783657ee0e8b06715c9e35d","name":"Calais Promotion","image":{"@type":"ImageObject","inLanguage":"fr-FR","@id":"https:\/\/secure.gravatar.com\/avatar\/0f7fdda49eb30003501e1e3a4b12d3fc8eacd971c6ea91d0eace458d7117a717?s=96&d=mm&r=g","url":"https:\/\/secure.gravatar.com\/avatar\/0f7fdda49eb30003501e1e3a4b12d3fc8eacd971c6ea91d0eace458d7117a717?s=96&d=mm&r=g","contentUrl":"https:\/\/secure.gravatar.com\/avatar\/0f7fdda49eb30003501e1e3a4b12d3fc8eacd971c6ea91d0eace458d7117a717?s=96&d=mm&r=g","caption":"Calais Promotion"},"url":"https:\/\/calaispromotion.com\/fr\/author\/admin-cp\/"}]}},"_links":{"self":[{"href":"https:\/\/calaispromotion.com\/fr\/wp-json\/wp\/v2\/posts\/1658","targetHints":{"allow":["GET"]}}],"collection":[{"href":"https:\/\/calaispromotion.com\/fr\/wp-json\/wp\/v2\/posts"}],"about":[{"href":"https:\/\/calaispromotion.com\/fr\/wp-json\/wp\/v2\/types\/post"}],"author":[{"embeddable":true,"href":"https:\/\/calaispromotion.com\/fr\/wp-json\/wp\/v2\/users\/2"}],"replies":[{"embeddable":true,"href":"https:\/\/calaispromotion.com\/fr\/wp-json\/wp\/v2\/comments?post=1658"}],"version-history":[{"count":3,"href":"https:\/\/calaispromotion.com\/fr\/wp-json\/wp\/v2\/posts\/1658\/revisions"}],"predecessor-version":[{"id":1668,"href":"https:\/\/calaispromotion.com\/fr\/wp-json\/wp\/v2\/posts\/1658\/revisions\/1668"}],"wp:featuredmedia":[{"embeddable":true,"href":"https:\/\/calaispromotion.com\/fr\/wp-json\/wp\/v2\/media\/1659"}],"wp:attachment":[{"href":"https:\/\/calaispromotion.com\/fr\/wp-json\/wp\/v2\/media?parent=1658"}],"wp:term":[{"taxonomy":"category","embeddable":true,"href":"https:\/\/calaispromotion.com\/fr\/wp-json\/wp\/v2\/categories?post=1658"},{"taxonomy":"post_tag","embeddable":true,"href":"https:\/\/calaispromotion.com\/fr\/wp-json\/wp\/v2\/tags?post=1658"}],"curies":[{"name":"wp","href":"https:\/\/api.w.org\/{rel}","templated":true}]}}